{"id":3137,"date":"2024-03-10T12:39:09","date_gmt":"2024-03-10T10:39:09","guid":{"rendered":"http:\/\/www.rettet-peter.de\/?p=3137"},"modified":"2024-06-23T13:39:56","modified_gmt":"2024-06-23T11:39:56","slug":"motorradmesse-euroexpo-2024-lyon","status":"publish","type":"post","link":"https:\/\/www.rettet-peter.de\/?p=3137","title":{"rendered":"Motorradmesse EuroExpo 2024 Lyon"},"content":{"rendered":"\n<p>Bilder von der EuroExpo in Lyon \/ Frankreich.<\/p>\n\n\n\n<p>Vor wenigen Tagen habe ich zur Motorradwelt Bodensee geschrieben, das die Zeiten der (Motorrad-) Messen vorbei sind und der Vergangenheit angeh\u00f6ren. Bezogen auf die Qualit\u00e4t und Quantit\u00e4t der in Friedrichshafen angetroffenen Hersteller und Aussteller, stehe ich nach wie vor zu meiner Aussage.<\/p>\n\n\n\n<p>Jedoch vermittelt mir die Ausstellung in Lyon einen vollst\u00e4ndig gegens\u00e4tzlichen Eindruck: Aussteller verteilt auf 6 Messehallen, eine Vielfalt die man in Deutschland vergeblich sucht, eine Qulait\u00e4t der Aussteller die man hierzulande nicht mehr finden wird. Zudem ein Besucheransturm, der vermuten l\u00e4sst, das die Besucherzahlen in frankreich an einem Messetag die Zahlen eines ganzen Messewochenendes in Deutschland bei weitem in den Schatten stellen.<\/p>\n\n\n\n<p>Von daher lohnt sich die Anreise f\u00fcr den Interessierten Motorradfahrer in jedem Fall.<\/p>\n\n\nngg_shortcode_0_placeholder\n","protected":false},"excerpt":{"rendered":"<p>Bilder von der EuroExpo in Lyon \/ Frankreich. Vor wenigen Tagen habe ich zur Motorradwelt<\/p>\n","protected":false},"author":1,"featured_media":3163,"comment_status":"open","ping_status":"open","sticky":false,"template":"","format":"standard","meta":{"_bbp_topic_count":0,"_bbp_reply_count":0,"_bbp_total_topic_count":0,"_bbp_total_reply_count":0,"_bbp_voice_count":0,"_bbp_anonymous_reply_count":0,"_bbp_topic_count_hidden":0,"_bbp_reply_count_hidden":0,"_bbp_forum_subforum_count":0,"ngg_post_thumbnail":0,"footnotes":""},"categories":[1,27,80,81],"tags":[],"class_list":["post-3137","post","type-post","status-publish","format-standard","has-post-thumbnail","hentry","category-allgemein","category-petertry-out","category-reisen","category-veranstaltungen"],"_links":{"self":[{"href":"https:\/\/www.rettet-peter.de\/index.php?rest_route=\/wp\/v2\/posts\/3137","targetHints":{"allow":["GET"]}}],"collection":[{"href":"https:\/\/www.rettet-peter.de\/index.php?rest_route=\/wp\/v2\/posts"}],"about":[{"href":"https:\/\/www.rettet-peter.de\/index.php?rest_route=\/wp\/v2\/types\/post"}],"author":[{"embeddable":true,"href":"https:\/\/www.rettet-peter.de\/index.php?rest_route=\/wp\/v2\/users\/1"}],"replies":[{"embeddable":true,"href":"https:\/\/www.rettet-peter.de\/index.php?rest_route=%2Fwp%2Fv2%2Fcomments&post=3137"}],"version-history":[{"count":2,"href":"https:\/\/www.rettet-peter.de\/index.php?rest_route=\/wp\/v2\/posts\/3137\/revisions"}],"predecessor-version":[{"id":3139,"href":"https:\/\/www.rettet-peter.de\/index.php?rest_route=\/wp\/v2\/posts\/3137\/revisions\/3139"}],"wp:featuredmedia":[{"embeddable":true,"href":"https:\/\/www.rettet-peter.de\/index.php?rest_route=\/wp\/v2\/media\/3163"}],"wp:attachment":[{"href":"https:\/\/www.rettet-peter.de\/index.php?rest_route=%2Fwp%2Fv2%2Fmedia&parent=3137"}],"wp:term":[{"taxonomy":"category","embeddable":true,"href":"https:\/\/www.rettet-peter.de\/index.php?rest_route=%2Fwp%2Fv2%2Fcategories&post=3137"},{"taxonomy":"post_tag","embeddable":true,"href":"https:\/\/www.rettet-peter.de\/index.php?rest_route=%2Fwp%2Fv2%2Ftags&post=3137"}],"curies":[{"name":"wp","href":"https:\/\/api.w.org\/{rel}","templated":true}]}}