{"id":486,"date":"2013-04-29T22:07:50","date_gmt":"2013-04-29T20:07:50","guid":{"rendered":"http:\/\/www.rettet-peter.de\/?p=486"},"modified":"2013-04-29T22:44:51","modified_gmt":"2013-04-29T20:44:51","slug":"petertry-out-forma-adventures-motorradstiefel","status":"publish","type":"post","link":"https:\/\/www.rettet-peter.de\/?p=486","title":{"rendered":"Peter`Try-Out &#8211; Forma Adventures Motorradstiefel"},"content":{"rendered":"<p>Forma Adventures Motorradstiefel &#8211; nix f\u00fcr warme Regionen<\/p>\n<p>Zu meiner Reiseausr\u00fcstung f\u00fcr die Pamir-Tour 2013 habe ich mir nat\u00fcrlich auch ein Sortiment an, zumindest dachte ich so, geeigneter Motorradbekleidung zugelegt bzw. von einigen Herstellern kosteng\u00fcnstig zur Verf\u00fcgung gestellt bekommen. Hierzu geh\u00f6rten auch die bereits im Header genannten &#8222;Forma Adventures Motorradstiefel&#8220;, die ich in braun erhalten habe.<\/p>\n<p>Der erste Eindruck:<\/p>\n<figure id=\"attachment_495\" aria-describedby=\"caption-attachment-495\" style=\"width: 250px\" class=\"wp-caption alignleft\"><a href=\"http:\/\/www.rettet-peter.de\/wp-content\/uploads\/2013\/04\/29_04_13_tuerkei_7_1.jpg\"><img decoding=\"async\" class=\"size-medium wp-image-495\" title=\"29_04_13_tuerkei_7_1\" src=\"http:\/\/www.rettet-peter.de\/wp-content\/uploads\/2013\/04\/29_04_13_tuerkei_7_1-300x199.jpg\" alt=\"Atmungsaktiv auf Peter`s Art\" width=\"250\" srcset=\"https:\/\/www.rettet-peter.de\/wp-content\/uploads\/2013\/04\/29_04_13_tuerkei_7_1-300x199.jpg 300w, https:\/\/www.rettet-peter.de\/wp-content\/uploads\/2013\/04\/29_04_13_tuerkei_7_1.jpg 1024w\" sizes=\"(max-width: 300px) 100vw, 300px\" \/><\/a><figcaption id=\"caption-attachment-495\" class=\"wp-caption-text\">Atmungsaktiv auf Peter`s Art<\/figcaption><\/figure>\n<p>Die Stiefel machen einen sehr guten Eindruck, sind von hoher Qualit\u00e4t und besitzen eine (f\u00fcr meine F\u00fc\u00dfe \ud83d\ude09 ) optimale Passform. Die Verarbeitung \u00fcberzeugt auf ganzer Linie, vermittelt zugleich einen hochwertigen Eindruck. Das Obermaterial besteht aus festem Leder, im Inneren findet sich ein Innenfutter. Beanspruchte Stellen wie z.B. der Bereich zum Schalthebel sind zus\u00e4tzlich verst\u00e4rkt, was den Abrieb am Stiefel nat\u00fcrlich verhindert. F\u00fcr einen festen und optimalen Sitz sorgen drei verstellbare Kunststoffschnallen sowie ein breiter Klettbandverschluss am Stiefel. Die gummierte Sohle ist rutschfest, bietet einen guten Stand und laut Hersteller auch \u00f6lresistent.<\/p>\n<p>Alles in allem so weit ein rundum stimmiges Paket f\u00fcr einen angemessenen Preis.<\/p>\n<p>Fazit:<\/p>\n<p>Ich habe den Stiefel nun \u00fcber 4000 Kilometer durch S\u00fcdeuropa gefahren und bin so weit von der Qualit\u00e4t der Verarbeitung als auch von der Passform und der Langstreckentauglichkeit der Boots \u00fcberzeugt. Lediglich die Aussage, der Stiefel sei &#8222;Atmungsaktiv durch Drytex Membran&#8220;, kann ich in keiner Weise unterst\u00fctzen. Ich w\u00fcrde sogar sagen, das die Stiefel f\u00fcr warem Regionen wie eben das zur Zeit bereiste S\u00fcdeuropa, nicht zu empfehlen sind. Ab Temperaturen \u00fcber 25 Grad schwitzt man in den Stiefeln extrem, da kein Luftaustausch selbst vorgesehen ist. Dies ist auf Dauer unangenehm und f\u00fcr einen solchen Schuh ein absolutes NoGo.<br \/>\nIch habe mir meine Steifel beim Schuster in Ankara erstmal an einigen Stellen &#8222;Lochen&#8220; lassen, um zumindestens einen Ansatz von Luftaustausch zu erhalten.<\/p>\n<p>Details:<\/p>\n<p>Obermaterial: Full-grain Nubuk Leder,<br \/>\nForma Drytex Lining,<br \/>\nAir Pump System,<br \/>\nGewicht: ca. 1,2kg,<br \/>\nFarbe: Braun oder Schwarz,<br \/>\nGr\u00f6\u00dfen: 38 &#8211; 47,<br \/>\nPreis: ca. 200,&#8211; Euro<\/p>\n<p>Werbetext des Herstellers:<br \/>\nForma Boots bestechen durch ausgezeichnete Qualit\u00e4t!<br \/>\nF\u00fcr die Produktion der Stiefel werden nur hochwertige Materialien verarbeitet. Motorradfahrer weltweit sch\u00e4tzen die hohe Qualit\u00e4t der Forma Boots.<\/p>\n<p>Forma Adventure Boots!<\/p>\n<p>Der idealer Motorrad Stiefel f\u00fcr den anspruchsvollen Touren, Adventure und ATV\/Quad Fahrer.<\/p>\n<p>Bezugsquellen: http:\/\/hofmann-offroad-shop.com\/motorrad\/<\/p>\n","protected":false},"excerpt":{"rendered":"<p>Forma Adventures Motorradstiefel &#8211; nix f\u00fcr warme Regionen Zu meiner Reiseausr\u00fcstung f\u00fcr die Pamir-Tour 2013<\/p>\n","protected":false},"author":1,"featured_media":0,"comment_status":"open","ping_status":"open","sticky":false,"template":"","format":"standard","meta":{"_bbp_topic_count":0,"_bbp_reply_count":0,"_bbp_total_topic_count":0,"_bbp_total_reply_count":0,"_bbp_voice_count":0,"_bbp_anonymous_reply_count":0,"_bbp_topic_count_hidden":0,"_bbp_reply_count_hidden":0,"_bbp_forum_subforum_count":0,"ngg_post_thumbnail":0,"footnotes":""},"categories":[1,27],"tags":[],"class_list":["post-486","post","type-post","status-publish","format-standard","hentry","category-allgemein","category-petertry-out"],"_links":{"self":[{"href":"https:\/\/www.rettet-peter.de\/index.php?rest_route=\/wp\/v2\/posts\/486","targetHints":{"allow":["GET"]}}],"collection":[{"href":"https:\/\/www.rettet-peter.de\/index.php?rest_route=\/wp\/v2\/posts"}],"about":[{"href":"https:\/\/www.rettet-peter.de\/index.php?rest_route=\/wp\/v2\/types\/post"}],"author":[{"embeddable":true,"href":"https:\/\/www.rettet-peter.de\/index.php?rest_route=\/wp\/v2\/users\/1"}],"replies":[{"embeddable":true,"href":"https:\/\/www.rettet-peter.de\/index.php?rest_route=%2Fwp%2Fv2%2Fcomments&post=486"}],"version-history":[{"count":5,"href":"https:\/\/www.rettet-peter.de\/index.php?rest_route=\/wp\/v2\/posts\/486\/revisions"}],"predecessor-version":[{"id":496,"href":"https:\/\/www.rettet-peter.de\/index.php?rest_route=\/wp\/v2\/posts\/486\/revisions\/496"}],"wp:attachment":[{"href":"https:\/\/www.rettet-peter.de\/index.php?rest_route=%2Fwp%2Fv2%2Fmedia&parent=486"}],"wp:term":[{"taxonomy":"category","embeddable":true,"href":"https:\/\/www.rettet-peter.de\/index.php?rest_route=%2Fwp%2Fv2%2Fcategories&post=486"},{"taxonomy":"post_tag","embeddable":true,"href":"https:\/\/www.rettet-peter.de\/index.php?rest_route=%2Fwp%2Fv2%2Ftags&post=486"}],"curies":[{"name":"wp","href":"https:\/\/api.w.org\/{rel}","templated":true}]}}