{"id":552,"date":"2013-05-08T19:05:11","date_gmt":"2013-05-08T17:05:11","guid":{"rendered":"http:\/\/www.rettet-peter.de\/?p=552"},"modified":"2013-05-14T13:42:08","modified_gmt":"2013-05-14T11:42:08","slug":"warum-ich-aserbaidschan-hasse","status":"publish","type":"post","link":"https:\/\/www.rettet-peter.de\/?p=552","title":{"rendered":"Warum ich Aserbaidschan nicht gut finde&#8230;.."},"content":{"rendered":"<p>&#8230; und Baku irgendwie doch mag&#8230;. \ud83d\ude09<\/p>\n<p>Warum diese, auf den ersten Blick doch harte Wortwahl im Header? Ich denke es sind die Erlebnisse, die das eigene Bild von einer Reise, eines besuchten Landes oder darin lebenden Bev\u00f6lkerung pr\u00e4gen. Und meine Erlebnisse mit oder in Aserbaidschan waren fast durchweg, na ja, bescheiden. Angefangen bei der allgegenw\u00e4rtigen Korruption, \u00fcber die meist unfreundlichen und sehr zur\u00fcckhaltenden Menschen (selbst im Service in Kaffees), die teils fehlende Infrastruktur und die mangelnde Organisation, der fehlenden Hilfsbereitschaft (und wenn jemand was tut, dann nur gegen Bares), der Verweigerung von grunds\u00e4tzlichen Leistungen, der Abzocke von Touristen (nicht nur beim Taxi zahlt man den doppelten Preis) und vieles mehr. Die Liste ist lang&#8230;.<\/p>\n<figure id=\"attachment_553\" aria-describedby=\"caption-attachment-553\" style=\"width: 250px\" class=\"wp-caption alignleft\"><a href=\"http:\/\/www.rettet-peter.de\/wp-content\/uploads\/2013\/05\/06_05_13_aserbaidschan_18_1.jpg\"><img decoding=\"async\" class=\"size-medium wp-image-553\" title=\"06_05_13_aserbaidschan_18_1\" src=\"http:\/\/www.rettet-peter.de\/wp-content\/uploads\/2013\/05\/06_05_13_aserbaidschan_18_1-300x199.jpg\" alt=\"Unfallschaden am Motorrad\" width=\"250\" srcset=\"https:\/\/www.rettet-peter.de\/wp-content\/uploads\/2013\/05\/06_05_13_aserbaidschan_18_1-300x199.jpg 300w, https:\/\/www.rettet-peter.de\/wp-content\/uploads\/2013\/05\/06_05_13_aserbaidschan_18_1.jpg 1024w\" sizes=\"(max-width: 300px) 100vw, 300px\" \/><\/a><figcaption id=\"caption-attachment-553\" class=\"wp-caption-text\">Unfallschaden am Motorrad<\/figcaption><\/figure>\n<p>H\u00f6hepunkte waren zum einen die mehrfachen Verkehrskontrollen zwischen der Grenzregion Georgien und Baku, bei denen es nur um die Abzocke durch korrupte Polizeibeamte ging sowie der Unfall vom 06.05.2013, bei dem mich ein Autofahrer, der vom Stra\u00dfenrand in den flie\u00dfenden Verkehr einfuhr, einfach \u00fcbersah und bei ca. Tempo 40 seitlich rammte. Ich suchte darauf im hohen Bogen auf dem Luftweg den Abstieg vom Motorrad, mit anschliessendem Aufschlag auf den Asphalt. Keinen interessiert hier der Schaden an meinem Fahrzeug, erst recht nicht, wie es mir gesundheitlich geht (und es ging mir wirklich nicht gut danach). Es sieht so aus, als w\u00fcrde der Fahrzeugschaden (gesch\u00e4tzte 2.500,&#8211; Euro) an meinem Motorrad sowie die entstandenen Kosten f\u00fcr die Behandlung in einem Krankenhaus von mir selbst getragen werden. Ebenso wie die Kosten f\u00fcr den Abbruch des Urlaubes, des Fahrzeugr\u00fccktransportes und einiger weiterer anfallender Posten. Aber es geht hier nicht alleine um die Kosten, auch wenn ich diese so detailliert darstelle. Vielmehr ist man in solchen F\u00e4llen, ja, verloren und steht alleine da. Von der (teils korrupten) Polizei braucht man hier keine Hilfe erwarten, eher wird man aufgefordert, nach Abschlu\u00df des Unfallprotokolls irgendetwas zu bezahlen, was ich aber ablehnte. Bis heute weis ich weder den Namen des Unfallverursachers, noch ob dieser eine Versicherung hat oder nicht. Auf die bei der Einreise abgeschlossene Fahrzeugversicherung deckt nicht meinen Schaden ab, sondern nur den Schaden des Gegners&#8230;..<\/p>\n<p>Die darauf folgenden Tage verbrachte ich unter anderem damit, den R\u00fcckflug als auch den Fahrzeugr\u00fccktransport nach Deutschland zu organisieren. Die KTM hat durch den seitlichen Einschlag in die &#8222;Russenkiste&#8220; nicht nur am zus\u00e4tzlichen Fronttank, sondern auch am Fahrwerk bzw. der Gabel erheblichen Schaden genommen. Eine Weiterreise war, auch unter anbetracht meiner k\u00f6rperlichen Sch\u00e4den, nicht m\u00f6glich. Erschwert wurde die ganze Sache, da ich nur ein 5-Tage-Transit-Visum f\u00fcr Aserbaidschan hatte und ich am 09.5., wie auch immer, ausreisen musste. Gl\u00fccklicherweise ergab es sich am Vorabend, das ich eine Adresse vom KTM Team in Tiflis (Georgien) \u00fcbermittelt bekam und sich der Eigent\u00fcmer bereit erkl\u00e4rte, die KTM in Baku zu \u00fcbernehmen und nach Georgien zu \u00fcberf\u00fchren, um dann den Transport nach Deutschland einzuleiten.<\/p>\n<p>Vom zust\u00e4ndigen Polizeibeamten, der auch meinen Unfall aufnahm, erhielt ich dann ein Schreiben, das die Ausreise ohne Fahrzeug (das Motorrad war in meinen Pass eingetragen) erm\u00f6glichen sollte, was am Flughafen dann auch wunderbar funktionierte. Die KTM \u00fcbergab ich wenige Stunden vor Abflug an einen &#8222;Bekannten&#8220; des georgischen KTM-H\u00e4ndlers mit dem seltsamen Gef\u00fchl im Bauch, das Mopi nie wieder zu sehen&#8230;.. \ud83d\ude09<\/p>\n<figure id=\"attachment_555\" aria-describedby=\"caption-attachment-555\" style=\"width: 250px\" class=\"wp-caption alignleft\"><a href=\"http:\/\/www.rettet-peter.de\/wp-content\/uploads\/2013\/05\/07_05_13_aserbaidschan_22_1.jpg\"><img decoding=\"async\" class=\"size-medium wp-image-555\" title=\"07_05_13_aserbaidschan_22_1\" src=\"http:\/\/www.rettet-peter.de\/wp-content\/uploads\/2013\/05\/07_05_13_aserbaidschan_22_1-300x199.jpg\" alt=\"Baku bei Nacht\" width=\"250\" srcset=\"https:\/\/www.rettet-peter.de\/wp-content\/uploads\/2013\/05\/07_05_13_aserbaidschan_22_1-300x199.jpg 300w, https:\/\/www.rettet-peter.de\/wp-content\/uploads\/2013\/05\/07_05_13_aserbaidschan_22_1.jpg 1024w\" sizes=\"(max-width: 300px) 100vw, 300px\" \/><\/a><figcaption id=\"caption-attachment-555\" class=\"wp-caption-text\">Baku bei Nacht<\/figcaption><\/figure>\n<p>Genug geflennt, es geht weiter \ud83d\ude09 Ich hatte nunmehr fast 5 Tage Zeit, Baku zu erkunden und bin zu dem Schluss gekommen, dass ich diese Stadt wirklich mag, klasse finde und f\u00fcr mich auf jeden Fall einen &#8222;St\u00e4dtetrip&#8220; wert ist. Ich hatte am heutigen Abend eine interessante Unterhaltung mit einem Gast im Hostel, einem 28-j\u00e4hrigen Niederl\u00e4nder, der auf der Durchreise von Kirgisistan kommen war und meinte, er f\u00e4nde Tiflis ansprechender. F\u00fcr mich war Tiflis eine, in weiten Teilen abgerockte, staubige, ungepflegte, teils vergammelte und in keiner Weise auch nur ann\u00e4hernd attraktive Stadt. F\u00fcr ihn hatte sie aber einen gewissen Flair. Anderstherum konnte er Baku nur wenig abgewinnen, das Moderne neben dem historischen, die Altstadt, der Lifestyle. Baku ist modern, sauber, gepflegt, eine europ\u00e4ische Metropole gebaut mit Petrodollar. F\u00fcr mich ein Highlight, andere nannten es &#8222;Fake&#8220;.<\/p>\n<p>Meine Meinung zu Baku steht nicht in Gegensatz zu den eingangs geschriebenen Zeilen, die Menschen sind hier nicht unbedingt (Ausl\u00e4ndern und Touristen gegen\u00fcber) freundlich. Aber daf\u00fcr kann die Stadt ja nichts&#8230;<\/p>\nngg_shortcode_0_placeholder\n<p>Ende vom Lied war, das ich per Flieger die R\u00fcckreise nach Deutschland antreten musste. Die Mongolei war das Ziel, daraus ist, im Sinne von rettet-peter.de, leider nichts geworden. Aber ich bin deshalb nicht traurig oder deprimiert, ich sehe das entspannt und nehme mein Ziel bei Gelegenheit aufs Neue ins Visier. Mag kommen, was wolle&#8230;<\/p>\n","protected":false},"excerpt":{"rendered":"<p>&#8230; und Baku irgendwie doch mag&#8230;. \ud83d\ude09 Warum diese, auf den ersten Blick doch harte<\/p>\n","protected":false},"author":1,"featured_media":0,"comment_status":"open","ping_status":"open","sticky":false,"template":"","format":"standard","meta":{"_bbp_topic_count":0,"_bbp_reply_count":0,"_bbp_total_topic_count":0,"_bbp_total_reply_count":0,"_bbp_voice_count":0,"_bbp_anonymous_reply_count":0,"_bbp_topic_count_hidden":0,"_bbp_reply_count_hidden":0,"_bbp_forum_subforum_count":0,"ngg_post_thumbnail":0,"footnotes":""},"categories":[1,11],"tags":[],"class_list":["post-552","post","type-post","status-publish","format-standard","hentry","category-allgemein","category-pamir-highway-2013"],"_links":{"self":[{"href":"https:\/\/www.rettet-peter.de\/index.php?rest_route=\/wp\/v2\/posts\/552","targetHints":{"allow":["GET"]}}],"collection":[{"href":"https:\/\/www.rettet-peter.de\/index.php?rest_route=\/wp\/v2\/posts"}],"about":[{"href":"https:\/\/www.rettet-peter.de\/index.php?rest_route=\/wp\/v2\/types\/post"}],"author":[{"embeddable":true,"href":"https:\/\/www.rettet-peter.de\/index.php?rest_route=\/wp\/v2\/users\/1"}],"replies":[{"embeddable":true,"href":"https:\/\/www.rettet-peter.de\/index.php?rest_route=%2Fwp%2Fv2%2Fcomments&post=552"}],"version-history":[{"count":11,"href":"https:\/\/www.rettet-peter.de\/index.php?rest_route=\/wp\/v2\/posts\/552\/revisions"}],"predecessor-version":[{"id":560,"href":"https:\/\/www.rettet-peter.de\/index.php?rest_route=\/wp\/v2\/posts\/552\/revisions\/560"}],"wp:attachment":[{"href":"https:\/\/www.rettet-peter.de\/index.php?rest_route=%2Fwp%2Fv2%2Fmedia&parent=552"}],"wp:term":[{"taxonomy":"category","embeddable":true,"href":"https:\/\/www.rettet-peter.de\/index.php?rest_route=%2Fwp%2Fv2%2Fcategories&post=552"},{"taxonomy":"post_tag","embeddable":true,"href":"https:\/\/www.rettet-peter.de\/index.php?rest_route=%2Fwp%2Fv2%2Ftags&post=552"}],"curies":[{"name":"wp","href":"https:\/\/api.w.org\/{rel}","templated":true}]}}