{"id":582,"date":"2013-11-26T19:50:27","date_gmt":"2013-11-26T17:50:27","guid":{"rendered":"http:\/\/www.rettet-peter.de\/?p=582"},"modified":"2013-11-26T20:03:43","modified_gmt":"2013-11-26T18:03:43","slug":"nachlese-oder-was-vom-trip-so-hangen-blieb","status":"publish","type":"post","link":"https:\/\/www.rettet-peter.de\/?p=582","title":{"rendered":"Nachlese &#8211; oder was vom Trip so h\u00e4ngen blieb"},"content":{"rendered":"<figure id=\"attachment_592\" aria-describedby=\"caption-attachment-592\" style=\"width: 300px\" class=\"wp-caption alignleft\"><a href=\"http:\/\/www.rettet-peter.de\/wp-content\/uploads\/2013\/11\/2013-05-09-1.jpg\"><img loading=\"lazy\" decoding=\"async\" class=\"size-medium wp-image-592\" title=\"2013-05-09-1\" src=\"http:\/\/www.rettet-peter.de\/wp-content\/uploads\/2013\/11\/2013-05-09-1-300x224.jpg\" alt=\"\u00dcberlassen Sie dem netten Herrn ruhig das Motorrad .....\" width=\"300\" height=\"224\" srcset=\"https:\/\/www.rettet-peter.de\/wp-content\/uploads\/2013\/11\/2013-05-09-1-300x224.jpg 300w, https:\/\/www.rettet-peter.de\/wp-content\/uploads\/2013\/11\/2013-05-09-1.jpg 1024w\" sizes=\"auto, (max-width: 300px) 100vw, 300px\" \/><\/a><figcaption id=\"caption-attachment-592\" class=\"wp-caption-text\">\u00dcberlassen Sie dem netten Herrn ruhig das Motorrad &#8230;..<\/figcaption><\/figure>\n<p>Knappe sechs Monate bin ich nun wieder zur\u00fcck von meiner Tour und habe mich zwischenzeitlich auch ganz gut von den Folgen des Unfalls in Baku \/ Sumquavit erholt. Nach der etwas hektischen Ausreise aus Aserbaidschan (ich hatte ja nur ein 5-Tage-Transit-Visum und musste mein Motorrad samt einem Gro\u00dfteil der Ausr\u00fcstung in unbekannte H\u00e4nde geben und in Baku zur\u00fccklassen) mittels Flug \u00fcber Wien nach Frankfurt \/ Main nutze ich die ersten Tage, um mich etwas vom Stress zu erholen. Zwischenzeitlich hat mich das Arbeitsleben als auch der Alltag wieder voll eingefangen.<\/p>\n<p>Das Motorrad ist am 10.06.2013, ziemlich genau 4 Wochen nach meiner Abreise aus Aserbaidschan, nach Zwischenstopps in Georgeien und Ungarn mit der Spedition in Ulm eingetroffen. Der Transport wurde \u00fcber KTM Team Georgia organisiert und war nach meiner Auffassung eine etwas langwierige und extrem \u00fcberteuerte Angelegenheit. Aber was bleibt einem anderes \u00fcbrig, mir waren vor Ort die H\u00e4nde gebunden und ich musste zum R\u00fccktransport die erstbeste M\u00f6glichkeit ergreifen.<br \/>\nAuch die Formalit\u00e4ten f\u00fcr den Zoll lie\u00dfen auf sich warten, so wollte eine Beamtin des Zollamtes in Ulm das Fahrzeug erst pers\u00f6nlich begutachten um, nicht mal die noch montierten Koffer und Gep\u00e4ckrolle einzusehen. Da wiehert der Amtsschimmel \ud83d\ude09 . Nach weiteren 7 Tagen Wartezeit konnte ich dann endlich die KTM in Empfang nehmen und mit einem Kleintransporter nach Aschaffenburg \u00fcberf\u00fchren.<\/p>\n<p>Zuhause verschafte ich mir erstmal einen \u00dcberblick der entstandenen Fahrzeugsch\u00e4den und musste leider feststellen, das es doch schlimmer ist als vor Ort gedacht. Gerade der aufwendige Vorbau mit der mehrteiligen Verkleidung ist schwer besch\u00e4digt worden, ebenso wie der unter der Verkleidung liegende K\u00fchler. <!-- Nach ersten Kalkulationen und der Beschaffung der ersten Ersatzteile komme ich auf einen Schaden von knapp \u00fcber 3.000,-- Euro. -->Alleine der K\u00fchler, der durch den Aufprall verbogen und undicht wurde, kostet als KTM Ersatzteil knapp 550,&#8211; Euro \ud83d\ude41<\/p>\n<figure id=\"attachment_593\" aria-describedby=\"caption-attachment-593\" style=\"width: 300px\" class=\"wp-caption alignleft\"><a href=\"http:\/\/www.rettet-peter.de\/wp-content\/uploads\/2013\/11\/01_05_13_tuerkei_30_1.jpg\"><img loading=\"lazy\" decoding=\"async\" class=\"size-medium wp-image-593\" title=\"Rize Motorradclub\" src=\"http:\/\/www.rettet-peter.de\/wp-content\/uploads\/2013\/11\/01_05_13_tuerkei_30_1-300x199.jpg\" alt=\"Rize Motorradclub\" width=\"300\" height=\"199\" srcset=\"https:\/\/www.rettet-peter.de\/wp-content\/uploads\/2013\/11\/01_05_13_tuerkei_30_1-300x199.jpg 300w, https:\/\/www.rettet-peter.de\/wp-content\/uploads\/2013\/11\/01_05_13_tuerkei_30_1.jpg 1024w\" sizes=\"auto, (max-width: 300px) 100vw, 300px\" \/><\/a><figcaption id=\"caption-attachment-593\" class=\"wp-caption-text\">Rize Motorradclub<\/figcaption><\/figure>\n<p>In den letzten Wochen wurde ich, gerade durch die Medien, sehr oft an den Aufenthalt in der T\u00fcrkei erinnert, den ich ja als einen der positivsten Erlebnisse der ganzen Reise in Erinnerung habe. Wir haben in der T\u00fcrkei sehr viele neue Freunde gefunden, ohne irgendwie inflation\u00e4r mit dem Wort &#8222;Freunde&#8220; umgehen zu wollen. Ich denke z.B. gerne an die Geschichte mit dem Radiointerview in Trabzon, ein unterhaltsames und einmaliges Erlebnis. Oder an unsere &#8222;Bikerfreunde&#8220; aus Rize, die uns so freundlich und selbstverst\u00e4ndlich aufgenommen hatten und deren Gastfreundschaft einen bleibenden Eindruck hinterlies.<br \/>\nIch hatte ja bereits in einem meiner Reiseberichte erw\u00e4hnt, dass wir in Rize den Leiter einer Sondereinheit der Polizei kennenlernen durften und an einem Abend in der \u00f6rtlichen Polizeikantine zum Essen eingeladen wurden. Ich kann mich noch gut daran erinnern, wie er uns auf dem teils \u00fcberdachten Innenhof der Kaserne einige schwere Einsatzfahrzeuge zeigte, die nach seinen Aussagen im Falle von Demonstrationen eingesetzt werden. Nun, nur wenige Wochen nach meiner R\u00fcckkehr nach Deutschland sehe ich \u00e4hnliche Fahrzeuge allabendlich in den Medien, im Einsatz gegen die t\u00fcrkische Bev\u00f6lkerung, die gegen die r\u00fcckw\u00e4rts gewandte Politik Erdogans demonstriert. So schnell wird man von Erinnerungen eingeholt&#8230;.<\/p>\n<p>Wir sind in der T\u00fcrkei nur auf freundliche Menschen getroffen, gerade die jugendliche Generation \u00fcberraschte uns mit einer modernen, westlichen Lebensweise und Einstellung, ohne traditionelle Werte zu vergessen. Das diese Jugend sich, nach unserer westlichen Auffassung selbstverst\u00e4ndliche Dinge wie\u00a0 Wie schnell sich die Zeiten doch \u00e4ndern&#8230;<\/p>\n<p>F\u00fcr den Sommer stand dann eigentlich noch eine Tour in den Mittelmeerraum an, genaueres war nicht geplant, sollte sich aber um eine 2 &#8211; 3 Wochen dauernde Reise handeln. Leider kam es wegen der anhaltenden gesundheitlichen Probleme aus dem Unfall nicht mehr dazu, so das ich nun meine ganze Energie auf ein neues Projekt im kommenden Jahr konzentrieren kann&#8230; nat\u00fcrlich wieder mit dem Motorrad.<\/p>\n<p>Weiteres in wenigen Tagen auf diesem Kanal \ud83d\ude09<\/p>\n","protected":false},"excerpt":{"rendered":"<p>Knappe sechs Monate bin ich nun wieder zur\u00fcck von meiner Tour und habe mich zwischenzeitlich<\/p>\n","protected":false},"author":1,"featured_media":0,"comment_status":"open","ping_status":"open","sticky":false,"template":"","format":"standard","meta":{"_bbp_topic_count":0,"_bbp_reply_count":0,"_bbp_total_topic_count":0,"_bbp_total_reply_count":0,"_bbp_voice_count":0,"_bbp_anonymous_reply_count":0,"_bbp_topic_count_hidden":0,"_bbp_reply_count_hidden":0,"_bbp_forum_subforum_count":0,"ngg_post_thumbnail":0,"footnotes":""},"categories":[1,11],"tags":[],"class_list":["post-582","post","type-post","status-publish","format-standard","hentry","category-allgemein","category-pamir-highway-2013"],"_links":{"self":[{"href":"https:\/\/www.rettet-peter.de\/index.php?rest_route=\/wp\/v2\/posts\/582","targetHints":{"allow":["GET"]}}],"collection":[{"href":"https:\/\/www.rettet-peter.de\/index.php?rest_route=\/wp\/v2\/posts"}],"about":[{"href":"https:\/\/www.rettet-peter.de\/index.php?rest_route=\/wp\/v2\/types\/post"}],"author":[{"embeddable":true,"href":"https:\/\/www.rettet-peter.de\/index.php?rest_route=\/wp\/v2\/users\/1"}],"replies":[{"embeddable":true,"href":"https:\/\/www.rettet-peter.de\/index.php?rest_route=%2Fwp%2Fv2%2Fcomments&post=582"}],"version-history":[{"count":6,"href":"https:\/\/www.rettet-peter.de\/index.php?rest_route=\/wp\/v2\/posts\/582\/revisions"}],"predecessor-version":[{"id":594,"href":"https:\/\/www.rettet-peter.de\/index.php?rest_route=\/wp\/v2\/posts\/582\/revisions\/594"}],"wp:attachment":[{"href":"https:\/\/www.rettet-peter.de\/index.php?rest_route=%2Fwp%2Fv2%2Fmedia&parent=582"}],"wp:term":[{"taxonomy":"category","embeddable":true,"href":"https:\/\/www.rettet-peter.de\/index.php?rest_route=%2Fwp%2Fv2%2Fcategories&post=582"},{"taxonomy":"post_tag","embeddable":true,"href":"https:\/\/www.rettet-peter.de\/index.php?rest_route=%2Fwp%2Fv2%2Ftags&post=582"}],"curies":[{"name":"wp","href":"https:\/\/api.w.org\/{rel}","templated":true}]}}