{"id":595,"date":"2013-11-26T20:19:23","date_gmt":"2013-11-26T18:19:23","guid":{"rendered":"http:\/\/www.rettet-peter.de\/?p=595"},"modified":"2016-12-21T14:09:05","modified_gmt":"2016-12-21T12:09:05","slug":"ktm-690-enduro-r-africa-race","status":"publish","type":"post","link":"https:\/\/www.rettet-peter.de\/?p=595","title":{"rendered":"KTM 690 Enduro R Africa-Race"},"content":{"rendered":"<figure id=\"attachment_596\" aria-describedby=\"caption-attachment-596\" style=\"width: 300px\" class=\"wp-caption alignleft\"><a href=\"http:\/\/www.rettet-peter.de\/wp-content\/uploads\/2013\/11\/ktm_690_enduro_africa_race_umbau_22_1.jpg\"><img loading=\"lazy\" decoding=\"async\" class=\"size-medium wp-image-596\" title=\"KTM 690 Enduro R Rallye Umbau\" src=\"http:\/\/www.rettet-peter.de\/wp-content\/uploads\/2013\/11\/ktm_690_enduro_africa_race_umbau_22_1-300x199.jpg\" alt=\"KTM 690 Enduro R Rallye Umbau\" width=\"300\" height=\"199\" srcset=\"https:\/\/www.rettet-peter.de\/wp-content\/uploads\/2013\/11\/ktm_690_enduro_africa_race_umbau_22_1-300x199.jpg 300w, https:\/\/www.rettet-peter.de\/wp-content\/uploads\/2013\/11\/ktm_690_enduro_africa_race_umbau_22_1.jpg 1024w\" sizes=\"auto, (max-width: 300px) 100vw, 300px\" \/><\/a><figcaption id=\"caption-attachment-596\" class=\"wp-caption-text\">KTM 690 Enduro R Rallye Umbau<\/figcaption><\/figure>\n<p>Bevor noch lange Weile entsteht habe ich mich mal in den letzten Wochen mit dem Umbau der 690er KTM besch\u00e4ftigt. Das Mecasystem-Kit musste dank des beherzten Einsatzes einen aserbaidschanischen Stukka-Piloten der Entsorgung zugef\u00fchrt werden, so das ich f\u00fcr den Neuaufbau eine andere L\u00f6sung w\u00e4hlen wollte.<\/p>\n<p>Aktuell habe ich ein dreiteiliges GFK-Verkleidungsset mit Doppel-Frontscheinwerfer in Verbindung mit zwei 7-Liter-GFK-Tanks an der KTM montiert. Derzeit sind die Tanks noch in wei\u00df, die Verkleidung in weis \/ schwarz lackiert.<\/p>\nngg_shortcode_0_placeholder\n<p>Der Vorbau ist ein mehrteiliger Aluminiumvorbau mit einer verschraubten Klemmung um den Lenkkopf. Diese Eigenkonstruktion ist sehr stabil, tr\u00e4gt die Front als auch den kompletten Rallyevorbau mit Navigationsger\u00e4ten.<\/p>\n<p>Weitere Infos zum Kit auch unter <a href=\"http:\/\/www.pemopa.com\">Africa Race Kit<\/a><\/p>\n","protected":false},"excerpt":{"rendered":"<p>Bevor noch lange Weile entsteht habe ich mich mal in den letzten Wochen mit dem<\/p>\n","protected":false},"author":1,"featured_media":0,"comment_status":"open","ping_status":"open","sticky":false,"template":"","format":"standard","meta":{"_bbp_topic_count":0,"_bbp_reply_count":0,"_bbp_total_topic_count":0,"_bbp_total_reply_count":0,"_bbp_voice_count":0,"_bbp_anonymous_reply_count":0,"_bbp_topic_count_hidden":0,"_bbp_reply_count_hidden":0,"_bbp_forum_subforum_count":0,"ngg_post_thumbnail":0,"footnotes":""},"categories":[3],"tags":[],"class_list":["post-595","post","type-post","status-publish","format-standard","hentry","category-ktm-690-enduro-umbau"],"_links":{"self":[{"href":"https:\/\/www.rettet-peter.de\/index.php?rest_route=\/wp\/v2\/posts\/595","targetHints":{"allow":["GET"]}}],"collection":[{"href":"https:\/\/www.rettet-peter.de\/index.php?rest_route=\/wp\/v2\/posts"}],"about":[{"href":"https:\/\/www.rettet-peter.de\/index.php?rest_route=\/wp\/v2\/types\/post"}],"author":[{"embeddable":true,"href":"https:\/\/www.rettet-peter.de\/index.php?rest_route=\/wp\/v2\/users\/1"}],"replies":[{"embeddable":true,"href":"https:\/\/www.rettet-peter.de\/index.php?rest_route=%2Fwp%2Fv2%2Fcomments&post=595"}],"version-history":[{"count":4,"href":"https:\/\/www.rettet-peter.de\/index.php?rest_route=\/wp\/v2\/posts\/595\/revisions"}],"predecessor-version":[{"id":1421,"href":"https:\/\/www.rettet-peter.de\/index.php?rest_route=\/wp\/v2\/posts\/595\/revisions\/1421"}],"wp:attachment":[{"href":"https:\/\/www.rettet-peter.de\/index.php?rest_route=%2Fwp%2Fv2%2Fmedia&parent=595"}],"wp:term":[{"taxonomy":"category","embeddable":true,"href":"https:\/\/www.rettet-peter.de\/index.php?rest_route=%2Fwp%2Fv2%2Fcategories&post=595"},{"taxonomy":"post_tag","embeddable":true,"href":"https:\/\/www.rettet-peter.de\/index.php?rest_route=%2Fwp%2Fv2%2Ftags&post=595"}],"curies":[{"name":"wp","href":"https:\/\/api.w.org\/{rel}","templated":true}]}}