{"id":679,"date":"2014-07-07T12:33:49","date_gmt":"2014-07-07T10:33:49","guid":{"rendered":"http:\/\/www.rettet-peter.de\/?p=679"},"modified":"2024-06-23T13:47:36","modified_gmt":"2024-06-23T11:47:36","slug":"bmw-days-2014-in-garmisch-partenkirchen","status":"publish","type":"post","link":"https:\/\/www.rettet-peter.de\/?p=679","title":{"rendered":"BMW-Days 2014 in Garmisch-Partenkirchen"},"content":{"rendered":"<p>Ja, was soll ich dazu sagen&#8230;.. Individualisten unter sich&#8230;. \ud83d\ude09<\/p>\n<p>&#8222;<span class=\"st\">Am ersten Juli-Wochenende verwandelt sich Garmisch-Partenkirchen in das Mekka der <em>BMW<\/em> Motorradfans. Dann hei\u00dft es drei Tage lang feiern, fahren,\u00a0..<\/span>&#8220; schreibt &#8222;belocal.de&#8220;, &#8222;<span class=\"st\">Die 14. Auflage der <em>BMW<\/em> Motorrad <em>Days<\/em> in Garmisch-Partenkirchen. Das gr\u00f6\u00dfte <em>BMW<\/em> Motorrad Treffen der Welt findet in\u00a0&#8230;<\/span>&#8220; liest man auf &#8222;hechler-motorrad.de&#8220; und &#8222;merkur-online.de&#8220; schreibt: &#8222;Die weltweit gr\u00f6\u00dfte Party f\u00fcr die Fans der hei\u00dfen \u00d6fen lockt jedes Jahr Zehntausende&#8230;&#8220;<\/p>\n<p>Und ich mittendrin&#8230;..<\/p>\nngg_shortcode_0_placeholder\n<p>Bericht folgt in K\u00fcrze&#8230;. <!-- Am Hausberg zu Garmisch-Partenkirchen traf sich die BMW-Szene zur allj\u00e4hrlichen Huldigung der bayerischen Motorradmarke. F\u00fcr die Gr\u00f6\u00dfe der Veranstaltung, nach offiziellen Angaben des GaPa-Tourismusamtes waren die BMW-Days in diesem Jahr immerhin mit 40.000 Pilgern gesegnet, war von Chaos oder mangelnder Organisation nichts zu sp\u00fcren. Im Gegenteil: Mehr Park- und Campingfl\u00e4chen wurden bereitgestellt, was im Umkehrschlu\u00df bedeutete, das Jedermann f\u00fcr Zelt und BMW auch ein passendes Fleckchen fand.\n\nDoch wo bleiben die Highlights eines BMW-Days? Ausser nahmhaften Ausstellern wie ADAC, Sixt, ..... den \u00fcblichen Verd\u00e4chtigen wie Wunderlich, Touratech und Konsorten, die wieder nur Massenprodukte f\u00fcr ein Produkt der Massen bewerben, fand ich in der Zeltstadt der ... keine Highlights.\n\nAuff\u00e4llig und zum Entspannen einladend war der Stand des \"Ace-Cafe-London\" oder eben das doppelst\u00f6ckige Zelt, welches einen guten \u00dcberblick auf das Gel\u00e4nde erm\u00f6glichte.\n\nWas mich, als \n\nMan(n) sieht sich dann wieder im kommenden Jahr zur 15. Ausf\u00fchrung der BMW-Days, der Termin steht fest und ist im Kalender der Freunde bayuvarischer Fahrkultur bestimmt schon eingetragen: 03. - 05.07.2015 --><\/p>\n","protected":false},"excerpt":{"rendered":"<p>Ja, was soll ich dazu sagen&#8230;.. Individualisten unter sich&#8230;. \ud83d\ude09 &#8222;Am ersten Juli-Wochenende verwandelt sich<\/p>\n","protected":false},"author":1,"featured_media":0,"comment_status":"open","ping_status":"open","sticky":false,"template":"","format":"standard","meta":{"_bbp_topic_count":0,"_bbp_reply_count":0,"_bbp_total_topic_count":0,"_bbp_total_reply_count":0,"_bbp_voice_count":0,"_bbp_anonymous_reply_count":0,"_bbp_topic_count_hidden":0,"_bbp_reply_count_hidden":0,"_bbp_forum_subforum_count":0,"ngg_post_thumbnail":0,"footnotes":""},"categories":[1,80,81],"tags":[],"class_list":["post-679","post","type-post","status-publish","format-standard","hentry","category-allgemein","category-reisen","category-veranstaltungen"],"_links":{"self":[{"href":"https:\/\/www.rettet-peter.de\/index.php?rest_route=\/wp\/v2\/posts\/679","targetHints":{"allow":["GET"]}}],"collection":[{"href":"https:\/\/www.rettet-peter.de\/index.php?rest_route=\/wp\/v2\/posts"}],"about":[{"href":"https:\/\/www.rettet-peter.de\/index.php?rest_route=\/wp\/v2\/types\/post"}],"author":[{"embeddable":true,"href":"https:\/\/www.rettet-peter.de\/index.php?rest_route=\/wp\/v2\/users\/1"}],"replies":[{"embeddable":true,"href":"https:\/\/www.rettet-peter.de\/index.php?rest_route=%2Fwp%2Fv2%2Fcomments&post=679"}],"version-history":[{"count":5,"href":"https:\/\/www.rettet-peter.de\/index.php?rest_route=\/wp\/v2\/posts\/679\/revisions"}],"predecessor-version":[{"id":755,"href":"https:\/\/www.rettet-peter.de\/index.php?rest_route=\/wp\/v2\/posts\/679\/revisions\/755"}],"wp:attachment":[{"href":"https:\/\/www.rettet-peter.de\/index.php?rest_route=%2Fwp%2Fv2%2Fmedia&parent=679"}],"wp:term":[{"taxonomy":"category","embeddable":true,"href":"https:\/\/www.rettet-peter.de\/index.php?rest_route=%2Fwp%2Fv2%2Fcategories&post=679"},{"taxonomy":"post_tag","embeddable":true,"href":"https:\/\/www.rettet-peter.de\/index.php?rest_route=%2Fwp%2Fv2%2Ftags&post=679"}],"curies":[{"name":"wp","href":"https:\/\/api.w.org\/{rel}","templated":true}]}}